{"id":12481,"date":"2025-08-27T07:48:07","date_gmt":"2025-08-27T07:48:07","guid":{"rendered":"http:\/\/katalog.pagestrony.pl\/?p=12481"},"modified":"2025-08-27T07:48:07","modified_gmt":"2025-08-27T07:48:07","slug":"projektowanie-estetycznych-przestrzeni","status":"publish","type":"post","link":"http:\/\/katalog.pagestrony.pl\/?p=12481","title":{"rendered":"Projektowanie estetycznych przestrzeni"},"content":{"rendered":"<p>Projektowanie przestrzeni mieszkalnych i u\u017cytkowych wymaga uwzgl\u0119dnienia wielu aspekt\u00f3w zar\u00f3wno funkcjonalnych, jak i estetycznych, a\u017ceby utworzy\u0107 \u015brodowisko odpowiadaj\u0105ce potrzebom os\u00f3b korzystaj\u0105cych z danego wn\u0119trza. Przy planowaniu aran\u017cacji istotne jest uwzgl\u0119dnienie uk\u0142adu pomieszcze\u0144, proporcji i relacji mi\u0119dzy nimi, a tak\u017ce naturalnego o\u015bwietlenia oraz sposobu u\u017cycia dost\u0119pnej powierzchni. Kompleksowe projektowanie wn\u0119trz obejmuje analiz\u0119 tych element\u00f3w w kontek\u015bcie powszechnego u\u017cytkowania, ergonomii a tak\u017ce komfortu mieszka\u0144c\u00f3w, a tak\u017ce przewidywanie mo\u017cliwych przekszta\u0142ce\u0144 w uk\u0142adzie wn\u0119trz w przysz\u0142o\u015bci.<!--more--><\/p>\n<p>  W procesie projektowym wa\u017cne jest r\u00f3wnie\u017c wywa\u017cenie funkcji praktycznych z aspektami wizualnymi, takimi jak kolory, materia\u0142y czy tekstury, kt\u00f3re wp\u0142ywaj\u0105 na odbi\u00f3r przestrzeni.<\/p>\n<p>Architekt pomieszcze\u0144 mo\u017ce korzysta\u0107 z r\u00f3\u017cnorodnych narz\u0119dzi projektowych, zar\u00f3wno tradycyjnych, jak i cyfrowych, umo\u017cliwiaj\u0105cych wizualizacj\u0119 efekt\u00f3w ko\u0144cowych a tak\u017ce dok\u0142adne planowanie rozmieszczenia mebli, o\u015bwietlenia i element\u00f3w dekoracyjnych. Tworzenie projekt\u00f3w obejmuje na prawd\u0119 bardzo cz\u0119sto odcinek konsultacji z u\u017cytkownikami wn\u0119trza, co umo\u017cliwia na uwzgl\u0119dnienie ich preferencji, stylu \u017cycia a tak\u017ce za\u0142o\u017ce\u0144 dotycz\u0105cych przechowywania i organizacji przestrzeni. Wsp\u00f3\u0142praca z projektantem pomieszcze\u0144 pozwala tak\u017ce na identyfikacj\u0119 potencjalnych problem\u00f3w, takich jak niewystarczaj\u0105ca przestrze\u0144 do poruszania si\u0119, ograniczone \u017ar\u00f3d\u0142a \u015bwiat\u0142a czy trudno\u015bci w \u0142\u0105czeniu r\u00f3\u017cnych materia\u0142\u00f3w i barw, a tak\u017ce pozwala znalezienie rozwi\u0105za\u0144, kt\u00f3re poprawiaj\u0105 funkcjonalno\u015b\u0107 i estetyk\u0119 wn\u0119trza.<\/p>\n<p>Kompleksowe projektowanie wn\u0119trz nie ogranicza si\u0119 jedynie do wyboru barw czy mebli, lecz obejmuje te\u017c wybieranie odpowiednich instalacji, materia\u0142\u00f3w wyko\u0144czeniowych, o\u015bwietlenia oraz akcesori\u00f3w, kt\u00f3re tworz\u0105 sp\u00f3jn\u0105 ca\u0142o\u015b\u0107. Wa\u017cnym elementem jest optymalizacja przestrzeni, tak by pomieszczenia by\u0142y nie tylko i wy\u0142\u0105cznie estetyczne, ale tak\u017ce praktyczne, a ka\u017cdy ich fragment s\u0142u\u017cy\u0142 okre\u015blonej funkcji. W projektowaniu uwzgl\u0119dnia si\u0119 zar\u00f3wno przestrzenie wsp\u00f3lne, jak kuchnie, \u0142azienki i salony, jak i prywatne, w tym sypialnie czy gabinety, tak a\u017ceby zagwarantowa\u0107 komfort i wygod\u0119 u\u017cytkownik\u00f3w w r\u00f3\u017cnorakich sytuacjach.<\/p>\n<p>Proces projektowania pomieszcze\u0144 cz\u0119sto obejmuje te\u017c przygotowanie dokumentacji technicznej, intencji rozmieszczenia instalacji a tak\u017ce szczeg\u00f3\u0142owych rysunk\u00f3w wykonawczych, kt\u00f3re stanowi\u0105 baz\u0119 do realizacji projektu. Dzi\u0119ki temu mo\u017cliwe jest przewidzenie etap\u00f3w prac wyko\u0144czeniowych, wymiar\u00f3w mebli na zam\u00f3wienie a tak\u017ce sposobu monta\u017cu element\u00f3w dekoracyjnych i funkcjonalnych. Architekt wn\u0119trz rozwa\u017ca dost\u0119pne mo\u017cliwo\u015bci adaptacyjne pomieszcze\u0144, proponuj\u0105c uk\u0142ady, kt\u00f3re maksymalizuj\u0105 u\u017cycie przestrzeni i wp\u0142ywaj\u0105 na wygod\u0119 codziennego u\u017cytkowania. Takie podej\u015bcie pozwala na zbudowanie wn\u0119trz sp\u00f3jnych pod k\u0105tem estetyki i efektywno\u015bci, w kt\u00f3rych ka\u017cdy detal jest przemy\u015blany i dopasowany do oczekiwa\u0144 u\u017cytkownik\u00f3w.<br \/>\n<br \/>Sprawd\u017a tutaj: <a href=\"https:\/\/inmodulo.pl\">projektowanie wn\u0119trz W\u0142oc\u0142awek<\/a>.<\/p>\n","protected":false},"excerpt":{"rendered":"<p>Projektowanie przestrzeni mieszkalnych i u\u017cytkowych wymaga uwzgl\u0119dnienia wielu aspekt\u00f3w zar\u00f3wno funkcjonalnych, jak i estetycznych, a\u017ceby utworzy\u0107 \u015brodowisko odpowiadaj\u0105ce potrzebom os\u00f3b korzystaj\u0105cych z danego wn\u0119trza. Przy planowaniu aran\u017cacji istotne jest uwzgl\u0119dnienie uk\u0142adu pomieszcze\u0144, proporcji i relacji mi\u0119dzy nimi, a tak\u017ce naturalnego o\u015bwietlenia oraz sposobu u\u017cycia dost\u0119pnej powierzchni. Kompleksowe projektowanie wn\u0119trz obejmuje analiz\u0119 tych element\u00f3w w kontek\u015bcie powszechnego u\u017cytkowania, ergonomii a tak\u017ce komfortu mieszka\u0144c\u00f3w, a tak\u017ce przewidywanie <span class=\"ellipsis\">&hellip;<\/span> <span class=\"more-link-wrap\"><a href=\"http:\/\/katalog.pagestrony.pl\/?p=12481\" class=\"more-link\"><span>Read More &rarr;<\/span><\/a><\/span><\/p>\n","protected":false},"author":1,"featured_media":0,"comment_status":"closed","ping_status":"closed","sticky":false,"template":"","format":"standard","meta":[],"categories":[1],"tags":[],"_links":{"self":[{"href":"http:\/\/katalog.pagestrony.pl\/index.php?rest_route=\/wp\/v2\/posts\/12481"}],"collection":[{"href":"http:\/\/katalog.pagestrony.pl\/index.php?rest_route=\/wp\/v2\/posts"}],"about":[{"href":"http:\/\/katalog.pagestrony.pl\/index.php?rest_route=\/wp\/v2\/types\/post"}],"author":[{"embeddable":true,"href":"http:\/\/katalog.pagestrony.pl\/index.php?rest_route=\/wp\/v2\/users\/1"}],"replies":[{"embeddable":true,"href":"http:\/\/katalog.pagestrony.pl\/index.php?rest_route=%2Fwp%2Fv2%2Fcomments&post=12481"}],"version-history":[{"count":1,"href":"http:\/\/katalog.pagestrony.pl\/index.php?rest_route=\/wp\/v2\/posts\/12481\/revisions"}],"predecessor-version":[{"id":12482,"href":"http:\/\/katalog.pagestrony.pl\/index.php?rest_route=\/wp\/v2\/posts\/12481\/revisions\/12482"}],"wp:attachment":[{"href":"http:\/\/katalog.pagestrony.pl\/index.php?rest_route=%2Fwp%2Fv2%2Fmedia&parent=12481"}],"wp:term":[{"taxonomy":"category","embeddable":true,"href":"http:\/\/katalog.pagestrony.pl\/index.php?rest_route=%2Fwp%2Fv2%2Fcategories&post=12481"},{"taxonomy":"post_tag","embeddable":true,"href":"http:\/\/katalog.pagestrony.pl\/index.php?rest_route=%2Fwp%2Fv2%2Ftags&post=12481"}],"curies":[{"name":"wp","href":"https:\/\/api.w.org\/{rel}","templated":true}]}}